{"id":2721,"date":"2026-01-27T08:21:00","date_gmt":"2026-01-27T07:21:00","guid":{"rendered":"https:\/\/ajl-asso.fr\/lachenaud\/?p=2721"},"modified":"2026-01-28T11:14:07","modified_gmt":"2026-01-28T10:14:07","slug":"cafe-rencontre-tous-autour-de-laphasie-dates-2026","status":"publish","type":"post","link":"https:\/\/ajl-asso.fr\/lachenaud\/cafe-rencontre-tous-autour-de-laphasie-dates-2026\/","title":{"rendered":"Dates Caf\u00e9\/rencontre \u00ab\u00a0Tous autour de l&rsquo;aphasie\u00a0\u00bb"},"content":{"rendered":"\n<p>L&rsquo;antenne des aphasiques du Var-Est port\u00e9e par le CRT Jean Lachenaud propose 1 fois par mois des caf\u00e9s \/ rencontres.<\/p>\n\n\n\n<p>L&rsquo;aphasie est un trouble du langage qui appara\u00eet brutalement suite \u00e0 une l\u00e9sion c\u00e9r\u00e9brale de l&rsquo;h\u00e9misph\u00e8re gauche (principalement apr\u00e8s un AVC ou un Traumatisme Cr\u00e2nien). <br>L&rsquo;aphasie peut rendre difficile le fait de parler, comprendre, lire ou \u00e9crire, alors que la pens\u00e9e de la personne est intacte.<\/p>\n\n\n\n<p><img loading=\"lazy\" height=\"16\" width=\"16\" src=\"https:\/\/static.xx.fbcdn.net\/images\/emoji.php\/v9\/t7e\/1\/16\/1f4c5.png\" alt=\"\ud83d\udcc5\"> Prochaines dates : <strong>lundi 09 f\u00e9vrier \/ jeudi 12 mars \/ mardi 07 avril <\/strong>de 14h \u00e0 17h.<\/p>\n\n\n\n<p><img loading=\"lazy\" height=\"16\" width=\"16\" src=\"https:\/\/static.xx.fbcdn.net\/images\/emoji.php\/v9\/t3c\/1\/16\/1f4a1.png\" alt=\"\ud83d\udca1\"> Une apr\u00e8s-midi en petit comit\u00e9 durant laquelle les personnes aphasiques (du Var et des Alpes-Maritimes) et leurs accompagnants (aidants familiaux ou aides \u00e0 domicile) pourront partager un moment convivial et chaleureux, entour\u00e9s de professionnels (orthophoniste, psychologue).<\/p>\n\n\n\n<p><img loading=\"lazy\" height=\"16\" width=\"16\" alt=\"\u2705\" src=\"https:\/\/static.xx.fbcdn.net\/images\/emoji.php\/v9\/t33\/1\/16\/2705.png\"> Au programme : caf\u00e9 &amp; gourmandises, jeux de soci\u00e9t\u00e9 adapt\u00e9s et discussion sur vos besoins \/ attentes sp\u00e9cifiques.<\/p>\n\n\n\n<p>Dans un souci d&rsquo;organisation, l&rsquo;inscription est obligatoire :<\/p>\n\n\n\n<p>&#8211; par mail <img loading=\"lazy\" height=\"16\" width=\"16\" alt=\"\ud83d\udce7\" src=\"https:\/\/static.xx.fbcdn.net\/images\/emoji.php\/v9\/tbe\/1\/16\/1f4e7.png\"> : crt.jeanlachenaud@ajl.asso.fr<\/p>\n\n\n\n<p>&#8211; ou par t\u00e9l\u00e9phone <img loading=\"lazy\" height=\"16\" width=\"16\" alt=\"\u260e\ufe0f\" src=\"https:\/\/static.xx.fbcdn.net\/images\/emoji.php\/v9\/t22\/1\/16\/260e.png\"> : 04 83 09 83 55<\/p>\n\n\n\n<p>Et les places volontairement limit\u00e9es pour faciliter les interactions <img loading=\"lazy\" height=\"16\" width=\"16\" alt=\"\ud83d\ude42\" src=\"https:\/\/static.xx.fbcdn.net\/images\/emoji.php\/v9\/t4c\/1\/16\/1f642.png\"><\/p>\n\n\n\n<p><\/p>\n\n\n\n<p><\/p>\n\n\n\n<div class=\"wp-block-coblocks-row coblocks-row-324183525710\" data-columns=\"2\" data-layout=\"50-50\"><div class=\"wp-block-coblocks-row__inner has-no-padding has-no-margin is-stacked-on-mobile has-medium-gutter\">\n<div class=\"wp-block-coblocks-column coblocks-column-324183527864\" style=\"width:50%\"><div class=\"wp-block-coblocks-column__inner has-no-padding has-no-margin\">\n<figure class=\"wp-block-image size-large\"><img src=\"https:\/\/ajl-asso.fr\/wp-content\/uploads\/sites\/2\/2026\/01\/reunion-aphasiques-724x1024.jpg\" alt=\"\" class=\"wp-image-2887\" \/><\/figure>\n\n\n\n<figure class=\"wp-block-image size-large\"><img loading=\"lazy\" width=\"724\" height=\"1024\" src=\"https:\/\/ajl-asso.fr\/wp-content\/uploads\/sites\/2\/2026\/01\/reunion-aphasiques-2-724x1024.png\" alt=\"\" class=\"wp-image-2889\" srcset=\"https:\/\/ajl-asso.fr\/wp-content\/uploads\/sites\/2\/2026\/01\/reunion-aphasiques-2-724x1024.png 724w, https:\/\/ajl-asso.fr\/wp-content\/uploads\/sites\/2\/2026\/01\/reunion-aphasiques-2-212x300.png 212w, https:\/\/ajl-asso.fr\/wp-content\/uploads\/sites\/2\/2026\/01\/reunion-aphasiques-2-768x1086.png 768w, https:\/\/ajl-asso.fr\/wp-content\/uploads\/sites\/2\/2026\/01\/reunion-aphasiques-2-1086x1536.png 1086w, https:\/\/ajl-asso.fr\/wp-content\/uploads\/sites\/2\/2026\/01\/reunion-aphasiques-2-146x206.png 146w, https:\/\/ajl-asso.fr\/wp-content\/uploads\/sites\/2\/2026\/01\/reunion-aphasiques-2.png 1414w\" sizes=\"(max-width: 724px) 100vw, 724px\" \/><\/figure>\n<\/div><\/div>\n\n\n\n<div class=\"wp-block-coblocks-column coblocks-column-324183527872\" style=\"width:50%\"><div class=\"wp-block-coblocks-column__inner has-no-padding has-no-margin\">\n<figure class=\"wp-block-image size-large\"><img src=\"https:\/\/ajl-asso.fr\/wp-content\/uploads\/sites\/2\/2026\/01\/reunion-aphasiques-1-724x1024.png\" alt=\"\" class=\"wp-image-2888\" \/><\/figure>\n<\/div><\/div>\n<\/div><\/div>\n","protected":false},"excerpt":{"rendered":"<p>L&rsquo;antenne des aphasiques du Var-Est port\u00e9e par le CRT Jean Lachenaud propose 1 fois par mois des caf\u00e9s \/ rencontres. L&rsquo;aphasie est un trouble du langage qui appara\u00eet brutalement suite \u00e0 une l\u00e9sion c\u00e9r\u00e9brale de l&rsquo;h\u00e9misph\u00e8re gauche (principalement apr\u00e8s un AVC ou un Traumatisme Cr\u00e2nien). L&rsquo;aphasie peut rendre difficile le fait de parler, comprendre, lire [&hellip;]<\/p>\n","protected":false},"author":552,"featured_media":2716,"comment_status":"closed","ping_status":"open","sticky":false,"template":"","format":"standard","meta":{"_coblocks_attr":"","_coblocks_dimensions":"","_coblocks_responsive_height":"","_coblocks_accordion_ie_support":""},"categories":[1],"_links":{"self":[{"href":"https:\/\/ajl-asso.fr\/lachenaud\/wp-json\/wp\/v2\/posts\/2721"}],"collection":[{"href":"https:\/\/ajl-asso.fr\/lachenaud\/wp-json\/wp\/v2\/posts"}],"about":[{"href":"https:\/\/ajl-asso.fr\/lachenaud\/wp-json\/wp\/v2\/types\/post"}],"author":[{"embeddable":true,"href":"https:\/\/ajl-asso.fr\/lachenaud\/wp-json\/wp\/v2\/users\/552"}],"replies":[{"embeddable":true,"href":"https:\/\/ajl-asso.fr\/lachenaud\/wp-json\/wp\/v2\/comments?post=2721"}],"version-history":[{"count":4,"href":"https:\/\/ajl-asso.fr\/lachenaud\/wp-json\/wp\/v2\/posts\/2721\/revisions"}],"predecessor-version":[{"id":2892,"href":"https:\/\/ajl-asso.fr\/lachenaud\/wp-json\/wp\/v2\/posts\/2721\/revisions\/2892"}],"wp:featuredmedia":[{"embeddable":true,"href":"https:\/\/ajl-asso.fr\/lachenaud\/wp-json\/wp\/v2\/media\/2716"}],"wp:attachment":[{"href":"https:\/\/ajl-asso.fr\/lachenaud\/wp-json\/wp\/v2\/media?parent=2721"}],"wp:term":[{"taxonomy":"category","embeddable":true,"href":"https:\/\/ajl-asso.fr\/lachenaud\/wp-json\/wp\/v2\/categories?post=2721"}],"curies":[{"name":"wp","href":"https:\/\/api.w.org\/{rel}","templated":true}]}}