{"id":2661,"date":"2026-09-02T10:16:22","date_gmt":"2026-09-02T08:16:22","guid":{"rendered":"https:\/\/ajl-asso.fr\/le-divit\/?p=2661"},"modified":"2026-09-02T10:16:23","modified_gmt":"2026-09-02T08:16:23","slug":"%f0%9f%92%99-un-engagement-partage-en-faveur-des-aidants","status":"publish","type":"post","link":"https:\/\/ajl-asso.fr\/le-divit\/%f0%9f%92%99-un-engagement-partage-en-faveur-des-aidants\/","title":{"rendered":"\ud83d\udc99 Un engagement partag\u00e9 en faveur des aidants"},"content":{"rendered":"\n<p>l&rsquo;<a href=\"https:\/\/www.linkedin.com\/company\/etablissement-de-sant%C3%A9-le-divit\/\">Etablissement de sant\u00e9 Le Divit<\/a> et <a href=\"https:\/\/www.linkedin.com\/company\/kerpape\/\">Centre Mutualiste de Kerpape<\/a> s\u2019engagent aux c\u00f4t\u00e9s des aidants \u00e0 travers un partenariat d\u00e9di\u00e9 \u00e0 leur accompagnement.<\/p>\n\n\n\n<p>\ud83d\udde3\ufe0f Temps de parole, th\u00e9\u00e2tre, ateliers collectifs, photo-m\u00e9diation\u2026 autant d\u2019initiatives pour rompre l\u2019isolement, partager les exp\u00e9riences et retrouver un peu de temps pour soi.<\/p>\n\n\n\n<p>Une belle dynamique autour d\u2019un enjeu essentiel : prendre soin de ceux qui prennent soin.<\/p>\n\n\n\n<p>\ud83d\udcf0 Retrouvez tous les d\u00e9tails dans l\u2019article du T\u00e9l\u00e9gramme \u27a1\ufe0f<\/p>\n\n\n\n<p><a href=\"https:\/\/ajl-asso.fr\/wp-content\/uploads\/sites\/3\/2026\/09\/202607_Aidance-avec-Kerpape.jpg\">https:\/\/ajl-asso.fr\/wp-content\/uploads\/sites\/3\/2026\/09\/202607_Aidance-avec-Kerpape.jpg<\/a><\/p>\n","protected":false},"excerpt":{"rendered":"<p>l&rsquo;Etablissement de sant\u00e9 Le Divit et Centre Mutualiste de Kerpape s\u2019engagent aux c\u00f4t\u00e9s des aidants \u00e0 travers un partenariat d\u00e9di\u00e9 \u00e0 leur accompagnement. \ud83d\udde3\ufe0f Temps de parole, th\u00e9\u00e2tre, ateliers collectifs, photo-m\u00e9diation\u2026 autant d\u2019initiatives pour rompre l\u2019isolement, partager les exp\u00e9riences et retrouver un peu de temps pour soi. Une belle dynamique autour d\u2019un enjeu essentiel : [&hellip;]<\/p>\n","protected":false},"author":15,"featured_media":2662,"comment_status":"closed","ping_status":"open","sticky":false,"template":"","format":"standard","meta":{"_coblocks_attr":"","_coblocks_dimensions":"","_coblocks_responsive_height":"","_coblocks_accordion_ie_support":""},"categories":[1],"_links":{"self":[{"href":"https:\/\/ajl-asso.fr\/le-divit\/wp-json\/wp\/v2\/posts\/2661"}],"collection":[{"href":"https:\/\/ajl-asso.fr\/le-divit\/wp-json\/wp\/v2\/posts"}],"about":[{"href":"https:\/\/ajl-asso.fr\/le-divit\/wp-json\/wp\/v2\/types\/post"}],"author":[{"embeddable":true,"href":"https:\/\/ajl-asso.fr\/le-divit\/wp-json\/wp\/v2\/users\/15"}],"replies":[{"embeddable":true,"href":"https:\/\/ajl-asso.fr\/le-divit\/wp-json\/wp\/v2\/comments?post=2661"}],"version-history":[{"count":1,"href":"https:\/\/ajl-asso.fr\/le-divit\/wp-json\/wp\/v2\/posts\/2661\/revisions"}],"predecessor-version":[{"id":2663,"href":"https:\/\/ajl-asso.fr\/le-divit\/wp-json\/wp\/v2\/posts\/2661\/revisions\/2663"}],"wp:featuredmedia":[{"embeddable":true,"href":"https:\/\/ajl-asso.fr\/le-divit\/wp-json\/wp\/v2\/media\/2662"}],"wp:attachment":[{"href":"https:\/\/ajl-asso.fr\/le-divit\/wp-json\/wp\/v2\/media?parent=2661"}],"wp:term":[{"taxonomy":"category","embeddable":true,"href":"https:\/\/ajl-asso.fr\/le-divit\/wp-json\/wp\/v2\/categories?post=2661"}],"curies":[{"name":"wp","href":"https:\/\/api.w.org\/{rel}","templated":true}]}}