{"id":351,"date":"2021-03-31T09:11:31","date_gmt":"2021-03-31T07:11:31","guid":{"rendered":"https:\/\/ajl-asso.fr\/le-divit\/?p=351"},"modified":"2025-01-03T11:19:17","modified_gmt":"2025-01-03T10:19:17","slug":"page-facebook-ehpad","status":"publish","type":"post","link":"https:\/\/ajl-asso.fr\/le-divit\/page-facebook-ehpad\/","title":{"rendered":"Page Facebook EHPAD"},"content":{"rendered":"\n<p>Suivez la vie et les animations propos\u00e9s \u00e0 nos r\u00e9sidents sur notre page facebook :  <\/p>\n\n\n\n<p><a href=\"https:\/\/www.facebook.com\/ehpad.ledivit\" target=\"_blank\" rel=\"noreferrer noopener\">https:\/\/www.facebook.com\/ehpad.ledivit<\/a><\/p>\n\n\n\n<p>Il est \u00e9galement possible d&rsquo;organiser une visio conf\u00e9rence avec vos parents lorsque vous n&rsquo;avez pas la possibilit\u00e9 de vous d\u00e9placer souvent pour des raisons g\u00e9ographiques.  Rapprochez-vous de l&rsquo;animatrice pour plus de renseignement.<\/p>\n","protected":false},"excerpt":{"rendered":"<p>Suivez la vie et les animations propos\u00e9s \u00e0 nos r\u00e9sidents sur notre page facebook : https:\/\/www.facebook.com\/ehpad.ledivit Il est \u00e9galement possible d&rsquo;organiser une visio conf\u00e9rence avec vos parents lorsque vous n&rsquo;avez pas la possibilit\u00e9 de vous d\u00e9placer souvent pour des raisons g\u00e9ographiques. Rapprochez-vous de l&rsquo;animatrice pour plus de renseignement.<\/p>\n","protected":false},"author":426,"featured_media":1193,"comment_status":"closed","ping_status":"open","sticky":true,"template":"","format":"standard","meta":{"_coblocks_attr":"","_coblocks_dimensions":"","_coblocks_responsive_height":"","_coblocks_accordion_ie_support":""},"categories":[1],"_links":{"self":[{"href":"https:\/\/ajl-asso.fr\/le-divit\/wp-json\/wp\/v2\/posts\/351"}],"collection":[{"href":"https:\/\/ajl-asso.fr\/le-divit\/wp-json\/wp\/v2\/posts"}],"about":[{"href":"https:\/\/ajl-asso.fr\/le-divit\/wp-json\/wp\/v2\/types\/post"}],"author":[{"embeddable":true,"href":"https:\/\/ajl-asso.fr\/le-divit\/wp-json\/wp\/v2\/users\/426"}],"replies":[{"embeddable":true,"href":"https:\/\/ajl-asso.fr\/le-divit\/wp-json\/wp\/v2\/comments?post=351"}],"version-history":[{"count":14,"href":"https:\/\/ajl-asso.fr\/le-divit\/wp-json\/wp\/v2\/posts\/351\/revisions"}],"predecessor-version":[{"id":1196,"href":"https:\/\/ajl-asso.fr\/le-divit\/wp-json\/wp\/v2\/posts\/351\/revisions\/1196"}],"wp:featuredmedia":[{"embeddable":true,"href":"https:\/\/ajl-asso.fr\/le-divit\/wp-json\/wp\/v2\/media\/1193"}],"wp:attachment":[{"href":"https:\/\/ajl-asso.fr\/le-divit\/wp-json\/wp\/v2\/media?parent=351"}],"wp:term":[{"taxonomy":"category","embeddable":true,"href":"https:\/\/ajl-asso.fr\/le-divit\/wp-json\/wp\/v2\/categories?post=351"}],"curies":[{"name":"wp","href":"https:\/\/api.w.org\/{rel}","templated":true}]}}